{"id":5530,"date":"2026-03-06T15:20:45","date_gmt":"2026-03-06T14:20:45","guid":{"rendered":"https:\/\/construyevalores.es\/2026\/03\/06\/ies-clara-hammerl-se-suma-al-projecte-construint-valors-amb-lalumnat-de-4t-deso\/"},"modified":"2026-03-06T15:20:45","modified_gmt":"2026-03-06T14:20:45","slug":"ies-clara-hammerl-se-suma-al-projecte-construint-valors-amb-lalumnat-de-4t-deso","status":"publish","type":"post","link":"https:\/\/construyevalores.es\/ca\/2026\/03\/06\/ies-clara-hammerl-se-suma-al-projecte-construint-valors-amb-lalumnat-de-4t-deso\/","title":{"rendered":"IES Clara Hammerl se suma al projecte Construint Valors amb l\u2019alumnat de 4t d\u2019ESO"},"content":{"rendered":"<p>El projecte <em>Construint Valors<\/em> continua ampliant el seu recorregut als centres educatius de Mallorca i, per primera vegada, s\u2019implementa a l\u2019IES Clara Hammerl amb la participaci\u00f3 de l\u2019alumnat dels tres grups de 4t d\u2019ESO.<\/p>\n<p>Durant aquesta nova experi\u00e8ncia, l\u2019alumnat participar\u00e0 en diverses sessions te\u00f2ricopr\u00e0ctiques que conviden a reflexionar sobre el <strong>model de producci\u00f3 global, <\/strong> els h\u00e0bits de consum i els impactes socials i ambientals que generen molts dels productes que utilitzam en el nostre dia a dia, <strong>connectant el que passa aqu\u00ed amb les realitats del Sud Global i els projecte de cooperaci\u00f3 en els que treballem en altres pa\u00efsos.<\/strong><\/p>\n<p>Cada grup treballa a partir de l\u2019an\u00e0lisi d\u2019un cicle productiu concret:<\/p>\n<ul>\n<li><strong>4A <\/strong> aprofundeix en el cicle productiu dels <strong>aparells electr\u00f2nics.<\/strong><\/li>\n<li><strong>4B<\/strong> explora el cicle productiu de <strong>l\u2019alimentaci\u00f3<\/strong>.<\/li>\n<li><strong>4C<\/strong> analitza el cicle productiu de la <strong> roba.<\/strong><\/li>\n<\/ul>\n<p>El projecte es desenvolupa a trav\u00e9s d\u2019una primera <strong>fase d\u2019aprenentatge,<\/strong> en qu\u00e8 l\u2019alumnat combina contingut te\u00f2ric amb activitats pr\u00e0ctiques que els ajuden a comprendre millor com es produeixen aquests b\u00e9ns i quines conseq\u00fc\u00e8ncies tenen, tant en el <strong>medi ambient <\/strong> com en les <strong>condicions de vida i la salut <\/strong> de les comunitats del Sud global.<\/p>\n<p><img loading=\"lazy\" decoding=\"async\" class=\"wp-image-5523 size-large aligncenter\" src=\"https:\/\/construyevalores.es\/wp-content\/uploads\/2026\/03\/2_CH-1024x683.jpg\" alt=\"\" width=\"1024\" height=\"683\" srcset=\"https:\/\/construyevalores.es\/wp-content\/uploads\/2026\/03\/2_CH-1024x683.jpg 1024w, https:\/\/construyevalores.es\/wp-content\/uploads\/2026\/03\/2_CH-300x200.jpg 300w, https:\/\/construyevalores.es\/wp-content\/uploads\/2026\/03\/2_CH-768x512.jpg 768w, https:\/\/construyevalores.es\/wp-content\/uploads\/2026\/03\/2_CH-1536x1024.jpg 1536w, https:\/\/construyevalores.es\/wp-content\/uploads\/2026\/03\/2_CH-900x600.jpg 900w, https:\/\/construyevalores.es\/wp-content\/uploads\/2026\/03\/2_CH.jpg 1800w\" sizes=\"auto, (max-width: 1024px) 100vw, 1024px\" \/><\/p>\n<p>Per fer m\u00e9s din\u00e0miques les sessions, el projecte utilitza la metodologia <strong>LEGO<\/strong> Educaci\u00f3, que promou l\u2019aprenentatge a trav\u00e9s de la pr\u00e0ctica i el treball en equip. A partir de diferents reptes de construcci\u00f3, l\u2019alumnat representa amb maquetes diverses problem\u00e0tiques i impactes relacionats amb els cicles productius estudiats, i comparteix despr\u00e9s les seves reflexions amb la resta de la classe. <\/p>\n<p>Durant aquestes primeres setmanes <strong>ja s\u2019han realitzat les dues primeres sessions, <\/strong> en les quals l\u2019alumnat ha comen\u00e7at a explorar aquestes tem\u00e0tiques i a plasmar les seves idees mitjan\u00e7ant les primeres construccions col\u00b7laboratives.<\/p>\n<p><img loading=\"lazy\" decoding=\"async\" class=\"aligncenter wp-image-5524 size-large\" src=\"https:\/\/construyevalores.es\/wp-content\/uploads\/2026\/03\/3_CH-1024x683.jpg\" alt=\"\" width=\"1024\" height=\"683\" srcset=\"https:\/\/construyevalores.es\/wp-content\/uploads\/2026\/03\/3_CH-1024x683.jpg 1024w, https:\/\/construyevalores.es\/wp-content\/uploads\/2026\/03\/3_CH-300x200.jpg 300w, https:\/\/construyevalores.es\/wp-content\/uploads\/2026\/03\/3_CH-768x512.jpg 768w, https:\/\/construyevalores.es\/wp-content\/uploads\/2026\/03\/3_CH-1536x1024.jpg 1536w, https:\/\/construyevalores.es\/wp-content\/uploads\/2026\/03\/3_CH-900x600.jpg 900w, https:\/\/construyevalores.es\/wp-content\/uploads\/2026\/03\/3_CH.jpg 1800w\" sizes=\"auto, (max-width: 1024px) 100vw, 1024px\" \/><\/p>\n<p>Despr\u00e9s de la fase d\u2019aprenentatge, el projecte continuar\u00e0 amb la <strong>fase de servei,<\/strong> en qu\u00e8 l\u2019alumnat dissenyar\u00e0 i desenvolupar\u00e0 accions de sensibilitzaci\u00f3 o mobilitzaci\u00f3 social relacionades amb les tem\u00e0tiques treballades, amb l\u2019objectiu de compartir els seus aprenentatges amb la comunitat educativa.<\/p>\n<p>Amb l\u2019arribada del projecte a l\u2019IES Clara Hammerl, <em>Construint Valors<\/em> continua apostant per una educaci\u00f3 que fomenta el <strong>pensament cr\u00edtic,<\/strong> la <strong>creativitat<\/strong> i el <strong>comprom\u00eds de l\u2019alumnat amb la transformaci\u00f3 social i ambiental.<\/strong><\/p>\n","protected":false},"excerpt":{"rendered":"<p>El projecte Construint Valors continua ampliant el seu recorregut als centres educatius de Mallorca i, per primera vegada, s\u2019implementa a&#8230;<\/p>\n","protected":false},"author":5,"featured_media":5529,"comment_status":"closed","ping_status":"closed","sticky":false,"template":"","format":"standard","meta":{"inline_featured_image":false,"footnotes":""},"categories":[133],"tags":[],"class_list":{"0":"post-5530","1":"post","2":"type-post","3":"status-publish","4":"format-standard","5":"has-post-thumbnail","7":"category-blog"},"_links":{"self":[{"href":"https:\/\/construyevalores.es\/ca\/wp-json\/wp\/v2\/posts\/5530","targetHints":{"allow":["GET"]}}],"collection":[{"href":"https:\/\/construyevalores.es\/ca\/wp-json\/wp\/v2\/posts"}],"about":[{"href":"https:\/\/construyevalores.es\/ca\/wp-json\/wp\/v2\/types\/post"}],"author":[{"embeddable":true,"href":"https:\/\/construyevalores.es\/ca\/wp-json\/wp\/v2\/users\/5"}],"replies":[{"embeddable":true,"href":"https:\/\/construyevalores.es\/ca\/wp-json\/wp\/v2\/comments?post=5530"}],"version-history":[{"count":0,"href":"https:\/\/construyevalores.es\/ca\/wp-json\/wp\/v2\/posts\/5530\/revisions"}],"wp:featuredmedia":[{"embeddable":true,"href":"https:\/\/construyevalores.es\/ca\/wp-json\/wp\/v2\/media\/5529"}],"wp:attachment":[{"href":"https:\/\/construyevalores.es\/ca\/wp-json\/wp\/v2\/media?parent=5530"}],"wp:term":[{"taxonomy":"category","embeddable":true,"href":"https:\/\/construyevalores.es\/ca\/wp-json\/wp\/v2\/categories?post=5530"},{"taxonomy":"post_tag","embeddable":true,"href":"https:\/\/construyevalores.es\/ca\/wp-json\/wp\/v2\/tags?post=5530"}],"curies":[{"name":"wp","href":"https:\/\/api.w.org\/{rel}","templated":true}]}}