{"id":5209,"date":"2025-05-20T09:59:09","date_gmt":"2025-05-20T08:59:09","guid":{"rendered":"https:\/\/construyevalores.es\/2025\/05\/20\/construint-valors-fomenta-el-pensament-critic-i-el-consum-responsable-a-les-escoles-de-castello\/"},"modified":"2025-05-20T09:59:09","modified_gmt":"2025-05-20T08:59:09","slug":"construint-valors-fomenta-el-pensament-critic-i-el-consum-responsable-a-les-escoles-de-castello","status":"publish","type":"post","link":"https:\/\/construyevalores.es\/ca\/2025\/05\/20\/construint-valors-fomenta-el-pensament-critic-i-el-consum-responsable-a-les-escoles-de-castello\/","title":{"rendered":"\u2018Construint Valors\u2019 fomenta el pensament cr\u00edtic i el consum responsable a les escoles de Castell\u00f3"},"content":{"rendered":"<p>El projecte educatiu Construeix Valors, impulsat per l&#8217;ONGD Medicusmundi Mediterr\u00e0nia a Castell\u00f3, ha portat durant el curs 2024\/2025 la seua proposta pedag\u00f2gica a diversos centres de les comarques de l&#8217;Alcalat\u00e9n i la Plana Alta, amb l&#8217;objectiu de formar una ciutadania m\u00e9s cr\u00edtica, conscient i compromesa amb un model de consum just i sostenible.<\/p>\n<p>A trav\u00e9s de tallers pr\u00e0ctics, l&#8217;alumnat ha treballat els cicles productius de l&#8217;alimentaci\u00f3, la roba i els productes tecnol\u00f2gics, reflexionant sobre les desigualtats socials, econ\u00f2miques i ambientals que aquests processos generen. Amb una mirada global, els continguts s&#8217;han vinculat als Objectius de Desenvolupament Sostenible (ODS) i l&#8217;Agenda 2030, fomentant la participaci\u00f3 activa de l&#8217;alumnat en la cerca de solucions. <\/p>\n<p>Durant aquest curs, han participat centres educatius de municipis com Sant Joan de Mor\u00f3, Els Ibarsos, la Serra d&#8217;en Galceran, Rosildos, Borriol o l&#8217;Alcora, on el projecte ha sigut integrat com a part del treball a l&#8217;aula a trav\u00e9s de la metodologia d&#8217;aprenentatge-servei.<\/p>\n<p>La iniciativa est\u00e0 finan\u00e7ada de la Vicepresid\u00e8ncia i Conselleria de Serveis Socials, Igualtat i Habitatge.<\/p>\n","protected":false},"excerpt":{"rendered":"<p>El projecte educatiu Construeix Valors, impulsat per l&#8217;ONGD Medicusmundi Mediterr\u00e0nia a Castell\u00f3, ha portat durant el curs 2024\/2025 la seua&#8230;<\/p>\n","protected":false},"author":5,"featured_media":5204,"comment_status":"closed","ping_status":"closed","sticky":false,"template":"","format":"standard","meta":{"inline_featured_image":false,"footnotes":""},"categories":[133],"tags":[],"class_list":{"0":"post-5209","1":"post","2":"type-post","3":"status-publish","4":"format-standard","5":"has-post-thumbnail","7":"category-blog"},"_links":{"self":[{"href":"https:\/\/construyevalores.es\/ca\/wp-json\/wp\/v2\/posts\/5209","targetHints":{"allow":["GET"]}}],"collection":[{"href":"https:\/\/construyevalores.es\/ca\/wp-json\/wp\/v2\/posts"}],"about":[{"href":"https:\/\/construyevalores.es\/ca\/wp-json\/wp\/v2\/types\/post"}],"author":[{"embeddable":true,"href":"https:\/\/construyevalores.es\/ca\/wp-json\/wp\/v2\/users\/5"}],"replies":[{"embeddable":true,"href":"https:\/\/construyevalores.es\/ca\/wp-json\/wp\/v2\/comments?post=5209"}],"version-history":[{"count":0,"href":"https:\/\/construyevalores.es\/ca\/wp-json\/wp\/v2\/posts\/5209\/revisions"}],"wp:featuredmedia":[{"embeddable":true,"href":"https:\/\/construyevalores.es\/ca\/wp-json\/wp\/v2\/media\/5204"}],"wp:attachment":[{"href":"https:\/\/construyevalores.es\/ca\/wp-json\/wp\/v2\/media?parent=5209"}],"wp:term":[{"taxonomy":"category","embeddable":true,"href":"https:\/\/construyevalores.es\/ca\/wp-json\/wp\/v2\/categories?post=5209"},{"taxonomy":"post_tag","embeddable":true,"href":"https:\/\/construyevalores.es\/ca\/wp-json\/wp\/v2\/tags?post=5209"}],"curies":[{"name":"wp","href":"https:\/\/api.w.org\/{rel}","templated":true}]}}