{"id":5075,"date":"2025-05-12T14:21:57","date_gmt":"2025-05-12T13:21:57","guid":{"rendered":"https:\/\/construyevalores.es\/2025\/05\/12\/transformar-el-mon-en-collectiu-lies-josep-sureda-i-blanes-visita-deixalles-i-reflexiona-amb-saltra-senalla\/"},"modified":"2025-05-12T14:21:57","modified_gmt":"2025-05-12T13:21:57","slug":"transformar-el-mon-en-collectiu-lies-josep-sureda-i-blanes-visita-deixalles-i-reflexiona-amb-saltra-senalla","status":"publish","type":"post","link":"https:\/\/construyevalores.es\/ca\/2025\/05\/12\/transformar-el-mon-en-collectiu-lies-josep-sureda-i-blanes-visita-deixalles-i-reflexiona-amb-saltra-senalla\/","title":{"rendered":"Transformar el m\u00f3n en col\u00b7lectiu: l\u2019IES Josep Sureda i Blanes visita Deixalles i reflexiona amb S\u2019Altra Senalla"},"content":{"rendered":"<p>Dins les sessions dedicades a explorar solucions i alternatives davant els reptes globals, el projecte <em>Construint Valors<\/em> posa l\u2019accent en la <strong>corresponsabilitat<\/strong> i la <strong>for\u00e7a de l\u2019acci\u00f3 col\u00b7lectiva<\/strong>. M\u00e9s enll\u00e0 de les accions individuals \u2013com consumir de manera m\u00e9s \u00e8tica o reduir residus\u2013, \u00e9s fonamental que l\u2019alumnat entengui que tamb\u00e9 pot ser protagonista de canvis socials des de l\u2019acci\u00f3 comunit\u00e0ria. En aquest marc, els <strong>6 grups de 3t d\u2019ESO de l\u2019IES Josep Sureda i Blanes<\/strong> han participat en una jornada educativa centrada en la <strong>sostenibilitat i el comer\u00e7 just<\/strong>, de la m\u00e0 de la <strong>Fundaci\u00f3 Deixalles<\/strong> i <strong>S\u2019Altra Senalla<\/strong>.  <\/p>\n<h3><strong>Descobrint projectes que canvien realitats: la visita a la Fundaci\u00f3 Deixalles<\/strong><\/h3>\n<p>La visita a la Fundaci\u00f3 Deixalles va permetre que l\u2019alumnat conegu\u00e9s de prop el funcionament d\u2019un projecte pioner en la <strong>gesti\u00f3 de residus i la inclusi\u00f3 social<\/strong>. Els i les estudiants van explorar espais com el taller d\u2019<em>upcycling<\/em>, les aules de formaci\u00f3 i els punts de recollida i classificaci\u00f3 de materials reutilitzables. <\/p>\n<p>La visita va servir per visualitzar l\u2019impacte del consumisme, especialment en la ind\u00fastria t\u00e8xtil, i obrir un debat sobre les <strong>responsabilitats compartides<\/strong> a l\u2019hora de construir un futur m\u00e9s just i sostenible. Aquest espai de descoberta esdevingu\u00e9 una eina d\u2019aprenentatge vivencial que connecta amb els continguts treballats a l\u2019aula sobre medi ambient, economia circular i just\u00edcia social. <\/p>\n<h3><strong>Pensar globalment, actuar localment: el comer\u00e7 just amb S\u2019Altra Senalla<\/strong><\/h3>\n<p>A continuaci\u00f3, l\u2019alumnat particip\u00e0 en una din\u00e0mica sobre <strong>comer\u00e7 just<\/strong> amb l\u2019associaci\u00f3 <strong>S\u2019Altra Senalla<\/strong>. A trav\u00e9s de jocs, preguntes i reflexions col\u00b7lectives, es van q\u00fcestionar quin preu real tenen els productes, quines condicions laborals s\u2019amaguen darrere el que comprem, i com podem formar part d\u2019un canvi de model econ\u00f2mic. <\/p>\n<p>Aquesta activitat refor\u00e7\u00e0 la idea que <strong>els petits canvis individuals poden tenir m\u00e9s impacte quan formen part d\u2019un moviment col\u00b7lectiu<\/strong>, i que organitzacions com S\u2019Altra Senalla ofereixen <strong>alternatives tangibles<\/strong> per viure d\u2019acord amb valors de just\u00edcia i respecte.<\/p>\n<h3><strong>Una experi\u00e8ncia per prendre consci\u00e8ncia i passar a l\u2019acci\u00f3<\/strong><\/h3>\n<p>Aquesta jornada va suposar un espai de trobada entre el que es treballa a l\u2019aula i el que passa al m\u00f3n real. Un espai per entendre que les <strong>transformacions globals comencen a escala local<\/strong>, i que l\u2019alumnat tamb\u00e9 \u00e9s part activa d\u2019aquest proc\u00e9s. <\/p>\n<p>El projecte <em>Construint Valors<\/em>, finan\u00e7at per la <strong>Direcci\u00f3 General de Cooperaci\u00f3 i Migraci\u00f3 del Govern de les Illes Balears<\/strong>, continua apostant per experi\u00e8ncies educatives que connecten l\u2019alumnat amb els desafiaments globals, fomentant una ciutadania activa i compromesa.<\/p>\n","protected":false},"excerpt":{"rendered":"<p>Dins les sessions dedicades a explorar solucions i alternatives davant els reptes globals, el projecte Construint Valors posa l\u2019accent en&#8230;<\/p>\n","protected":false},"author":5,"featured_media":5073,"comment_status":"closed","ping_status":"closed","sticky":false,"template":"","format":"standard","meta":{"inline_featured_image":false,"footnotes":""},"categories":[133],"tags":[],"class_list":{"0":"post-5075","1":"post","2":"type-post","3":"status-publish","4":"format-standard","5":"has-post-thumbnail","7":"category-blog"},"_links":{"self":[{"href":"https:\/\/construyevalores.es\/ca\/wp-json\/wp\/v2\/posts\/5075","targetHints":{"allow":["GET"]}}],"collection":[{"href":"https:\/\/construyevalores.es\/ca\/wp-json\/wp\/v2\/posts"}],"about":[{"href":"https:\/\/construyevalores.es\/ca\/wp-json\/wp\/v2\/types\/post"}],"author":[{"embeddable":true,"href":"https:\/\/construyevalores.es\/ca\/wp-json\/wp\/v2\/users\/5"}],"replies":[{"embeddable":true,"href":"https:\/\/construyevalores.es\/ca\/wp-json\/wp\/v2\/comments?post=5075"}],"version-history":[{"count":0,"href":"https:\/\/construyevalores.es\/ca\/wp-json\/wp\/v2\/posts\/5075\/revisions"}],"wp:featuredmedia":[{"embeddable":true,"href":"https:\/\/construyevalores.es\/ca\/wp-json\/wp\/v2\/media\/5073"}],"wp:attachment":[{"href":"https:\/\/construyevalores.es\/ca\/wp-json\/wp\/v2\/media?parent=5075"}],"wp:term":[{"taxonomy":"category","embeddable":true,"href":"https:\/\/construyevalores.es\/ca\/wp-json\/wp\/v2\/categories?post=5075"},{"taxonomy":"post_tag","embeddable":true,"href":"https:\/\/construyevalores.es\/ca\/wp-json\/wp\/v2\/tags?post=5075"}],"curies":[{"name":"wp","href":"https:\/\/api.w.org\/{rel}","templated":true}]}}