{"id":4895,"date":"2024-06-26T14:20:20","date_gmt":"2024-06-26T13:20:20","guid":{"rendered":"https:\/\/construyevalores.es\/2024\/06\/26\/alumnat-de-lies-nou-llevant-i-ies-josep-sureda-i-blanes-finalitza-el-curs-escolar-2023-2024-visitant-lexposicio-construint-valors\/"},"modified":"2024-06-26T14:20:20","modified_gmt":"2024-06-26T13:20:20","slug":"alumnat-de-lies-nou-llevant-i-ies-josep-sureda-i-blanes-finalitza-el-curs-escolar-2023-2024-visitant-lexposicio-construint-valors","status":"publish","type":"post","link":"https:\/\/construyevalores.es\/ca\/2024\/06\/26\/alumnat-de-lies-nou-llevant-i-ies-josep-sureda-i-blanes-finalitza-el-curs-escolar-2023-2024-visitant-lexposicio-construint-valors\/","title":{"rendered":"Alumnat de l\u2019IES Nou Llevant i IES Josep Sureda i Blanes finalitza el curs escolar 2023\/2024 visitant l\u2019exposici\u00f3 \u201cConstruint Valors\u201d"},"content":{"rendered":"<p class=\"p1\">L\u2019exposici\u00f3, ja finalitzada, va poder visitar-se del 14 al 20 de juny el Casal d\u2019associacions d\u2019immigrants i ONGD.<\/p>\n<p class=\"p1\">L\u2019exposici\u00f3 va tenir la finalitat de donar un servei sensibilitzant a les ve\u00efnes i ve\u00efns a trav\u00e9s de les maquetes de LEGO constru\u00efdes. L&#8217;alumnat de l&#8217;IES Nou Llevant i IES Josep Sureda i Blanes participant en el projecte es varen convertir en un agent de sensibilitzaci\u00f3 social traslladant la seva mirada plasmada en maqueta sobre els impactes ecosocials associats al model econ\u00f2mic de producci\u00f3 global dels cicles dels aparells electr\u00f2nics, l&#8217;alimentaci\u00f3 i la roba.<\/p>\n<p class=\"p1\">A m\u00e9s de les ve\u00efnes i ve\u00efns que varen visitar l\u2019exposici\u00f3, l\u2019alumnat que participar\u00e0 en el projecte al curs escolar vinent tamb\u00e9 va tenir l\u2019oportunitat de veure el treball realitzar durant aquest curs i inspirar-se per l\u2019any vinent. Alhora, varen poder con\u00e8ixer la tasca i els serveis que ofereix el Casal d\u2019associacions Casal d\u2019immigrants i la Coordinadora d\u2019ONGD de les Illes Balears. Des de Medicusmundi Mediterr\u00e0nia donem les gr\u00e0cies a les companyes per col\u00b7laborar amb nosaltres.<\/p>\n<p class=\"p1\">Alhora, l\u2019exposici\u00f3 tamb\u00e9 recollia una selecci\u00f3 de maquetes on l\u2019alumnat participant varen plasmar accions col\u00b7lectives que transformen el nostre territori i futurs ut\u00f2pics. En aquesta l\u00ednia, hi havia un espai d\u2019interacci\u00f3 i imaginaci\u00f3 per a les persones visitants.<\/p>\n<p class=\"p1\">Menys racisme, m\u00e9s igualtat, menys individualisme, m\u00e9s amor, cuidar el nostre planeta, m\u00e9s empatia, menys viol\u00e8ncia, m\u00e9s respecte&#8230; s\u00f3n algunes de les demandes de les persones visitant per construir aquest futur ut\u00f2pic entre totes i tots.<\/p>\n<p class=\"p1\">El projecta \u00e9s finan\u00e7at per la Direcci\u00f3 General de Cooperaci\u00f3 del govern de les Illes Balears.<\/p>\n","protected":false},"excerpt":{"rendered":"<p>L\u2019exposici\u00f3, ja finalitzada, va poder visitar-se del 14 al 20 de juny el Casal d\u2019associacions d\u2019immigrants i ONGD. L\u2019exposici\u00f3 va&#8230;<\/p>\n","protected":false},"author":5,"featured_media":4893,"comment_status":"closed","ping_status":"closed","sticky":false,"template":"","format":"standard","meta":{"inline_featured_image":false,"footnotes":""},"categories":[133],"tags":[],"class_list":{"0":"post-4895","1":"post","2":"type-post","3":"status-publish","4":"format-standard","5":"has-post-thumbnail","7":"category-blog"},"_links":{"self":[{"href":"https:\/\/construyevalores.es\/ca\/wp-json\/wp\/v2\/posts\/4895","targetHints":{"allow":["GET"]}}],"collection":[{"href":"https:\/\/construyevalores.es\/ca\/wp-json\/wp\/v2\/posts"}],"about":[{"href":"https:\/\/construyevalores.es\/ca\/wp-json\/wp\/v2\/types\/post"}],"author":[{"embeddable":true,"href":"https:\/\/construyevalores.es\/ca\/wp-json\/wp\/v2\/users\/5"}],"replies":[{"embeddable":true,"href":"https:\/\/construyevalores.es\/ca\/wp-json\/wp\/v2\/comments?post=4895"}],"version-history":[{"count":0,"href":"https:\/\/construyevalores.es\/ca\/wp-json\/wp\/v2\/posts\/4895\/revisions"}],"wp:featuredmedia":[{"embeddable":true,"href":"https:\/\/construyevalores.es\/ca\/wp-json\/wp\/v2\/media\/4893"}],"wp:attachment":[{"href":"https:\/\/construyevalores.es\/ca\/wp-json\/wp\/v2\/media?parent=4895"}],"wp:term":[{"taxonomy":"category","embeddable":true,"href":"https:\/\/construyevalores.es\/ca\/wp-json\/wp\/v2\/categories?post=4895"},{"taxonomy":"post_tag","embeddable":true,"href":"https:\/\/construyevalores.es\/ca\/wp-json\/wp\/v2\/tags?post=4895"}],"curies":[{"name":"wp","href":"https:\/\/api.w.org\/{rel}","templated":true}]}}