{"id":4764,"date":"2023-12-04T10:19:57","date_gmt":"2023-12-04T09:19:57","guid":{"rendered":"https:\/\/construyevalores.es\/2023\/12\/04\/lexposicio-de-construeix-valors-ja-es-visitable-en-el-centre-comercial-alzamora-dalcoi\/"},"modified":"2023-12-04T10:19:57","modified_gmt":"2023-12-04T09:19:57","slug":"lexposicio-de-construeix-valors-ja-es-visitable-en-el-centre-comercial-alzamora-dalcoi","status":"publish","type":"post","link":"https:\/\/construyevalores.es\/ca\/2023\/12\/04\/lexposicio-de-construeix-valors-ja-es-visitable-en-el-centre-comercial-alzamora-dalcoi\/","title":{"rendered":"L&#8217;exposici\u00f3 de &#8216;Construeix Valors&#8217; ja \u00e9s visitable en el Centre Comercial Alzamora d&#8217;Alcoi"},"content":{"rendered":"<p>La tarde del mi\u00e9rcoles 29 de noviembre tuvo lugar la inauguraci\u00f3n de la exposici\u00f3n de maquetas Lego del proyecto \u2018Construye Valores\u2019 de la ONGD Medicusmundi Mediterr\u00e0nia en la planta de ocio del Centro Comercial Alzamora de Alcoy. La muestra, que podr\u00e1 visitarse en horario comercial hasta el 15 de diciembre, acoge los trabajos realizados por el alumnado de tercer ciclo de primaria de los colegios Miguel Hern\u00e1ndez, La Presentaci\u00f3 y La Salle.<\/p>\n<p>Al evento acudieron, entre otros, el presidente de Medicusmundi Mediterr\u00e0nia, Carles Codina; la vicepresidenta de la entidad, Bego\u00f1a Segu\u00ed; el gerente del Centro Comercial, Jorge Valcarcel; representantes de los tres centros educativos participantes; y multitud de alumnos y alumnas acompa\u00f1ados por sus familias y amigos. Tampoco faltaron Ana Valls, en representaci\u00f3n de la fundaci\u00f3n Novaterra, y miembros del Rotary Font Roja d\u2019Alcoi. La exposici\u00f3n cuenta con la colaboraci\u00f3n del Ayuntamiento de Alcoy.<\/p>\n<p>La exposici\u00f3n recoge una selecci\u00f3n de las maquetas que plasman los ciclos productivos de la ropa, los alimentos y los aparatos electr\u00f3nicos. Con ellas se busca ofrecer a la ciudadan\u00eda una explicaci\u00f3n visual de las desigualdades generadas en la creaci\u00f3n o recolecci\u00f3n de los productos m\u00e1s consumidos; as\u00ed como posibles soluciones a estas problem\u00e1ticas basadas en los Objetivos del Desarrollo Sostenible (ODS) y la Agenda 2030 de la ONU. Adem\u00e1s de las maquetas, el espacio cuenta con paneles informativos sobre el proyecto, las fases de los ciclos productivos, los ODS y la Agenda 2030.<\/p>\n<p>\u2018Construye Valores\u2019 es un proyecto educativo basado en la metodolog\u00eda aprendizaje-servicio. Con \u00e9l se busca llegar a la ciudadan\u00eda a trav\u00e9s de los ni\u00f1os y ni\u00f1as. Para ello, desde los colegios se da a los y las menores las herramientas y fuentes de informaci\u00f3n necesarias para que, a trav\u00e9s de la reflexi\u00f3n, el di\u00e1logo y la creatividad, se llegue a conocer el impacto que tienen en el medio ambiente y en la salud global las acciones del d\u00eda a d\u00eda. La exposici\u00f3n p\u00fablica es la fase final del proyecto. Y, con ella, se trasladan los conocimientos aprendidos y aplicados en las aulas al p\u00fablico general. As\u00ed se consigue, entre todas y todos, trabajar por una sociedad m\u00e1s justa, equitativa y sostenible. Se consigue construir valores.<\/p>\n<p>El proyecto est\u00e1 financiado por la Conselleria de Participaci\u00f3n, Transparencia, Cooperaci\u00f3n y Calidad Democr\u00e1tica de la Generalitat Valenciana.<\/p>\n<p>&nbsp;<\/p>\n<hr>\n<p>&nbsp;<\/p>\n<h1>L&#8217;exposici\u00f3 de &#8216;Construeix Valors&#8217; ja \u00e9s visitable en el Centre Comercial Alzamora d&#8217;Alcoi<\/h1>\n<p>La vesprada del dimecres 29 de novembre va tindre lloc la inauguraci\u00f3 de l&#8217;exposici\u00f3 de maquetes Lego del projecte \u2018Construeix Valors\u2019 de la ONGD Medicusmundi Mediterr\u00e0nia en la planta d&#8217;oci del Centre Comercial Alzamora d&#8217;Alcoi. La mostra, que podr\u00e0 visitar-se en horari comercial fins al 15 de desembre, acull els treballs realitzats per l&#8217;alumnat de tercer cicle de prim\u00e0ria dels col\u00b7legis Miguel Hern\u00e1ndez, La Presentaci\u00f3 i La Salle.<\/p>\n<p>A l&#8217;esdeveniment van acudir, entre altres, el president de Medicusmundi Mediterr\u00e0nia, Carles Codina; la vicepresidenta de l&#8217;entitat, Bego\u00f1a Segu\u00ed; el gerent del Centre Comercial, Jorge Valcarcel; representants dels tres centres educatius participants; i multitud d&#8217;alumnes acompanyats per les seues fam\u00edlies i amics. Tampoc van faltar Ana Valls, en representaci\u00f3 de la fundaci\u00f3 Novaterra, i membres del Rotary Font Roja d\u2019Alcoi. L&#8217;exposici\u00f3 compta amb la col\u00b7laboraci\u00f3 de l&#8217;Ajuntament d&#8217;Alcoi.<\/p>\n<p>L&#8217;exposici\u00f3 recull una selecci\u00f3 de les maquetes que plasmen els cicles productius de la roba, els aliments i els aparells electr\u00f2nics. Amb elles es busca oferir a la ciutadania una explicaci\u00f3 visual de les desigualtats generades en la creaci\u00f3 o recol\u00b7lecci\u00f3 dels productes m\u00e9s consumits; aix\u00ed com possibles solucions a estes problem\u00e0tiques basades en els Objectius del Desenvolupament Sostenible (ODS) i l&#8217;Agenda 2030 de l&#8217;ONU. A m\u00e9s de les maquetes, l&#8217;espai compta amb panells informatius sobre el projecte, les fases dels cicles productius, els ODS i l&#8217;Agenda 2030.<\/p>\n<p>\u2018Construeix Valors\u2019 \u00e9s un projecte educatiu basat en la metodologia aprenentatge-servei. Amb ell es busca arribar a la ciutadania a trav\u00e9s dels xiquets i xiquetes. Per a aix\u00f2, des dels col\u00b7legis es dona als i les menors les eines i fonts d&#8217;informaci\u00f3 necess\u00e0ries perqu\u00e8, a trav\u00e9s de la reflexi\u00f3, el di\u00e0leg i la creativitat, s&#8217;arribe a con\u00e9ixer l&#8217;impacte que tenen en el medi ambient i en la salut global les accions del dia a dia. L&#8217;exposici\u00f3 p\u00fablica \u00e9s la fase final del projecte. I, amb ella, es traslladen els coneixements apresos i aplicats a les aules al p\u00fablic general. Aix\u00ed s&#8217;aconsegueix, entre totes i tots, treballar per una societat m\u00e9s justa, equitativa i sostenible. S&#8217;aconsegueix construir valors.<\/p>\n<p>El projecte est\u00e0 finan\u00e7at per la Conselleria de Participaci\u00f3, Transpar\u00e8ncia, Cooperaci\u00f3 i Qualitat Democr\u00e0tica de la Generalitat Valenciana.<\/p>\n","protected":false},"excerpt":{"rendered":"<p>La tarde del mi\u00e9rcoles 29 de noviembre tuvo lugar la inauguraci\u00f3n de la exposici\u00f3n de maquetas Lego del proyecto \u2018Construye&#8230;<\/p>\n","protected":false},"author":5,"featured_media":4509,"comment_status":"closed","ping_status":"closed","sticky":false,"template":"","format":"standard","meta":{"inline_featured_image":false,"footnotes":""},"categories":[133],"tags":[],"class_list":{"0":"post-4764","1":"post","2":"type-post","3":"status-publish","4":"format-standard","5":"has-post-thumbnail","7":"category-blog"},"_links":{"self":[{"href":"https:\/\/construyevalores.es\/ca\/wp-json\/wp\/v2\/posts\/4764","targetHints":{"allow":["GET"]}}],"collection":[{"href":"https:\/\/construyevalores.es\/ca\/wp-json\/wp\/v2\/posts"}],"about":[{"href":"https:\/\/construyevalores.es\/ca\/wp-json\/wp\/v2\/types\/post"}],"author":[{"embeddable":true,"href":"https:\/\/construyevalores.es\/ca\/wp-json\/wp\/v2\/users\/5"}],"replies":[{"embeddable":true,"href":"https:\/\/construyevalores.es\/ca\/wp-json\/wp\/v2\/comments?post=4764"}],"version-history":[{"count":0,"href":"https:\/\/construyevalores.es\/ca\/wp-json\/wp\/v2\/posts\/4764\/revisions"}],"wp:featuredmedia":[{"embeddable":true,"href":"https:\/\/construyevalores.es\/ca\/wp-json\/wp\/v2\/media\/4509"}],"wp:attachment":[{"href":"https:\/\/construyevalores.es\/ca\/wp-json\/wp\/v2\/media?parent=4764"}],"wp:term":[{"taxonomy":"category","embeddable":true,"href":"https:\/\/construyevalores.es\/ca\/wp-json\/wp\/v2\/categories?post=4764"},{"taxonomy":"post_tag","embeddable":true,"href":"https:\/\/construyevalores.es\/ca\/wp-json\/wp\/v2\/tags?post=4764"}],"curies":[{"name":"wp","href":"https:\/\/api.w.org\/{rel}","templated":true}]}}