{"id":4758,"date":"2023-11-23T16:05:49","date_gmt":"2023-11-23T15:05:49","guid":{"rendered":"https:\/\/construyevalores.es\/2023\/11\/23\/el-projecte-construint-valors-arriba-a-la-delegacio-balear-amb-lalumnat-de-4-eso-de-lies-nou-llevant\/"},"modified":"2024-05-29T10:24:56","modified_gmt":"2024-05-29T09:24:56","slug":"el-projecte-construint-valors-arriba-a-la-delegacio-balear-amb-lalumnat-de-4-eso-de-lies-nou-llevant","status":"publish","type":"post","link":"https:\/\/construyevalores.es\/ca\/2023\/11\/23\/el-projecte-construint-valors-arriba-a-la-delegacio-balear-amb-lalumnat-de-4-eso-de-lies-nou-llevant\/","title":{"rendered":"El projecte \u201cConstruint Valors\u201d arriba a la delegaci\u00f3 Balear amb l\u2019alumnat de 4 ESO de l\u2019IES Nou Llevant"},"content":{"rendered":"<p>El projecte Construint Valors de l\u2019ONGD Medicusmundi Mediterr\u00e0nia arriba a la delegaci\u00f3 de les Illes Balears. Concretament, ha comen\u00e7at a Mallorca, a la ciutat de Palma, amb la participaci\u00f3 de l\u2019alumnat dels quatre grups de 4 ESO de l\u2019IES Nou Llevant.<\/p>\n<p>El projecte vol promoure la reflexi\u00f3 cr\u00edtica de l&#8217;alumnat al voltant dels h\u00e0bits de consum dels cicles productius de l\u2019alimentaci\u00f3, la roba i els aparells electr\u00f2nics de les societats enriquides i el seu impacte social i ambiental en les comunitats i regions del sud global.<\/p>\n<p>Es realitzaran 5 sessions per classe on la metodologia ser\u00e0 te\u00f2rica i pr\u00e0ctica. Despr\u00e9s del contingut te\u00f2ric s&#8217;estableixen uns desafiaments de construcci\u00f3 on l&#8217;alumnat en grups articula la seva resposta construint maquetes amb peces de LEGO\u00ae. Aquesta metodologia anima a l&#8217;alumnat a utilitzar el pensament cr\u00edtic, horitzontal i creatiu. Posteriorment, l&#8217;alumnat compartir\u00e0 les seves idees amb la resta de companyes, creant un debat sobre el que han constru\u00eft.<\/p>\n<p>Alhora, a la \u00faltima sessi\u00f3 participaran l\u2019Associaci\u00f3 de Varietats Locals i la delegaci\u00f3 de Mallorca de Joventut pel Clima (Fridays For Future), agents socials del territori balear, amb l\u2019objectiu de promoure el posicionament i l\u2019acci\u00f3 entorn al canvi d\u2019h\u00e0bits i el model actual de producci\u00f3 global. Reconeixent el paper cabdal de l\u2019alumnat en les crisis actuals i la capacitat ineludible per transformar els seus entorns.<\/p>\n<p>El projecte segueix amb una fase de servei: la celebraci\u00f3 d\u2019una exposici\u00f3 dia 12 de desembre a la sala d\u2019actes del IES Nou Llevant amb una selecci\u00f3 de les maquetes generades. A l\u2019exposici\u00f3 l&#8217;alumnat tindr\u00e0 un paper protagonista en la comunicaci\u00f3 dels seus aprenentatges a trav\u00e9s de l&#8217;explicaci\u00f3 de les maquetes exposades.<\/p>\n<p>El projecte \u201cConstruint Valors\u201d a les Balears est\u00e0 finan\u00e7at per la Direcci\u00f3 General de Cooperaci\u00f3 del Govern de les Illes Balears.<\/p>\n","protected":false},"excerpt":{"rendered":"<p>El projecte Construint Valors de l\u2019ONGD Medicusmundi Mediterr\u00e0nia arriba a la delegaci\u00f3 de les Illes Balears. Concretament, ha comen\u00e7at a&#8230;<\/p>\n","protected":false},"author":5,"featured_media":4508,"comment_status":"closed","ping_status":"closed","sticky":false,"template":"","format":"standard","meta":{"inline_featured_image":false,"footnotes":""},"categories":[133],"tags":[],"class_list":{"0":"post-4758","1":"post","2":"type-post","3":"status-publish","4":"format-standard","5":"has-post-thumbnail","7":"category-blog"},"_links":{"self":[{"href":"https:\/\/construyevalores.es\/ca\/wp-json\/wp\/v2\/posts\/4758","targetHints":{"allow":["GET"]}}],"collection":[{"href":"https:\/\/construyevalores.es\/ca\/wp-json\/wp\/v2\/posts"}],"about":[{"href":"https:\/\/construyevalores.es\/ca\/wp-json\/wp\/v2\/types\/post"}],"author":[{"embeddable":true,"href":"https:\/\/construyevalores.es\/ca\/wp-json\/wp\/v2\/users\/5"}],"replies":[{"embeddable":true,"href":"https:\/\/construyevalores.es\/ca\/wp-json\/wp\/v2\/comments?post=4758"}],"version-history":[{"count":1,"href":"https:\/\/construyevalores.es\/ca\/wp-json\/wp\/v2\/posts\/4758\/revisions"}],"predecessor-version":[{"id":4760,"href":"https:\/\/construyevalores.es\/ca\/wp-json\/wp\/v2\/posts\/4758\/revisions\/4760"}],"wp:featuredmedia":[{"embeddable":true,"href":"https:\/\/construyevalores.es\/ca\/wp-json\/wp\/v2\/media\/4508"}],"wp:attachment":[{"href":"https:\/\/construyevalores.es\/ca\/wp-json\/wp\/v2\/media?parent=4758"}],"wp:term":[{"taxonomy":"category","embeddable":true,"href":"https:\/\/construyevalores.es\/ca\/wp-json\/wp\/v2\/categories?post=4758"},{"taxonomy":"post_tag","embeddable":true,"href":"https:\/\/construyevalores.es\/ca\/wp-json\/wp\/v2\/tags?post=4758"}],"curies":[{"name":"wp","href":"https:\/\/api.w.org\/{rel}","templated":true}]}}