{"id":4656,"date":"2019-02-13T09:00:03","date_gmt":"2019-02-13T08:00:03","guid":{"rendered":"https:\/\/construyevalores.es\/2019\/02\/13\/centres-escolars-que-construeixenvalors\/"},"modified":"2019-02-13T09:00:03","modified_gmt":"2019-02-13T08:00:03","slug":"centres-escolars-que-construeixenvalors","status":"publish","type":"post","link":"https:\/\/construyevalores.es\/ca\/2019\/02\/13\/centres-escolars-que-construeixenvalors\/","title":{"rendered":"Centres escolars que #ConstrueixenValors"},"content":{"rendered":"<p>Aquest any som <strong>set centres educatius<\/strong> els que <strong>constru\u00efm valors a la prov\u00edncia de Castell\u00f3.<\/strong> Set centres educatius de diferents tipus, uns p\u00fablics, uns altres privats, d\u2019altres concertats, per\u00f2 tots units pel projecte <strong>Construint Valors<\/strong>. Perqu\u00e8 aquesta metodologia \u00e9s \u00fatil tant per als com les alumnes, ja que millora la motivaci\u00f3, afavoreix l&#8217;aprenentatge i fomenta el treball en equip i remou el desenvolupament personal i social. I tamb\u00e9 \u00e9s \u00fatil per al professorat, perqu\u00e8 afavoreix la relaci\u00f3 entre escola i comunitat i millora la conviv\u00e8ncia a l&#8217;aula.<\/p>\n<p>Tamb\u00e9 <strong>\u00e9s \u00fatil per a la comunitat,<\/strong> ja que millora les condicions de vida de les persones, estimula la participaci\u00f3 dels ciutadans i refor\u00e7a el sentiment de pertinen\u00e7a a la comunitat. Perqu\u00e8, com demostra aquest m\u00e8tode, <strong>fer un servici a la comunitat i ajudar als altres \u00e9s una de les maneres d&#8217;aprenentatge m\u00e9s efica\u00e7<\/strong>, perqu\u00e8 els xics i xiques troben sentit al que estudien quan apliquen els seus coneixements i habilitats en una pr\u00e0ctica solid\u00e0ria.<\/p>\n<p>&nbsp;<\/p>\n<p><img loading=\"lazy\" decoding=\"async\" class=\"aligncenter wp-image-496 size-full\" src=\"https:\/\/construyevalores.es\/wp-content\/uploads\/2014\/04\/clase_escuela.jpeg\" alt=\"Alumnos sentados en una clase de una escuela\" width=\"800\" height=\"533\" srcset=\"https:\/\/construyevalores.es\/wp-content\/uploads\/2014\/04\/clase_escuela.jpeg 800w, https:\/\/construyevalores.es\/wp-content\/uploads\/2014\/04\/clase_escuela-300x200.jpeg 300w, https:\/\/construyevalores.es\/wp-content\/uploads\/2014\/04\/clase_escuela-768x512.jpeg 768w, https:\/\/construyevalores.es\/wp-content\/uploads\/2014\/04\/clase_escuela-260x173.jpeg 260w\" sizes=\"auto, (max-width: 800px) 100vw, 800px\" \/><\/p>\n<p>&nbsp;<\/p>\n<p>El verdader \u00e8xit de l&#8217;educaci\u00f3 consisteix a f<strong>ormar bons ciutadans<\/strong> capa\u00e7os de millorar la societat i no sols el seu curr\u00edculum personal.<\/p>\n<p>&nbsp;<\/p>\n<h1 style=\"text-align: center;\">COL\u00b7LEGIS PARTICIPANTS<\/h1>\n<p>&nbsp;<\/p>\n<p><a href=\"https:\/\/www.colegiolamagdalena.com\/\" target=\"_blank\" rel=\"noopener\"><strong>COL\u00b7LEGI LA MAGDALENA<\/strong><\/a><\/p>\n<p>El <a href=\"https:\/\/www.colegiolamagdalena.com\/\" target=\"_blank\" rel=\"noopener\">Col\u00b7legi La Magdalena<\/a> \u00e9s un centre no confessional d&#8217;iniciativa privada. La seva metodologia permet flexibilitat i comprensi\u00f3 davant els canvis que es produeixen en la personalitat i el car\u00e0cter de l&#8217;alumne, per\u00f2 sense menyscapte del compliment de les normes i de la l\u00ednia educativa que planteja el centre.<\/p>\n<p><a href=\"https:\/\/www.colegiolamagdalena.com\/\"><img loading=\"lazy\" decoding=\"async\" class=\"aligncenter wp-image-373 size-medium\" src=\"https:\/\/construyevalores.es\/wp-content\/uploads\/2019\/02\/3-300x300.png\" alt=\"Logo Colegio La Magdalena\" width=\"300\" height=\"300\" srcset=\"https:\/\/construyevalores.es\/wp-content\/uploads\/2019\/02\/3-300x300.png 300w, https:\/\/construyevalores.es\/wp-content\/uploads\/2019\/02\/3-768x768.png 768w, https:\/\/construyevalores.es\/wp-content\/uploads\/2019\/02\/3-200x200.png 200w, https:\/\/construyevalores.es\/wp-content\/uploads\/2019\/02\/3.png 800w\" sizes=\"auto, (max-width: 300px) 100vw, 300px\" \/><\/a><\/p>\n<p><a href=\"http:\/\/mestreacasa.gva.es\/web\/palmerar\" target=\"_blank\" rel=\"noopener\"><strong>CEIP PALMERAR<\/strong><\/a><\/p>\n<p>\u00c9s una escola p\u00fablica, participativa i democr\u00e0tica, en la qual tothom pot formar part. Els pilars b\u00e0sics del projecte s\u00f3n el di\u00e0leg, la just\u00edcia, els drets humans i la cultura de la pau. Eduquen conjuntament als xiquets i xiquetes, sense fer cap mena de distinci\u00f3.<\/p>\n<p>&nbsp;<\/p>\n<p><img loading=\"lazy\" decoding=\"async\" class=\"aligncenter wp-image-491 size-thumbnail\" src=\"https:\/\/construyevalores.es\/wp-content\/uploads\/2014\/04\/Captura-de-pantalla-2019-02-09-a-las-23.38.31-120x90.png\" alt=\"Logo Colegio Palmerar\" width=\"120\" height=\"90\"><\/p>\n<p>&nbsp;<\/p>\n<p><strong><a href=\"http:\/\/mestreacasa.gva.es\/web\/ceipsanchisyago\/1\" target=\"_blank\" rel=\"noopener\">COL\u00b7LEGI SANCHIS YAGO<\/a><\/strong><\/p>\n<div id=\"p_p_id_56_INSTANCE_5ULL_\" class=\"portlet-boundary portlet-boundary_56_ null\">\n<div id=\"portlet-wrapper-56_INSTANCE_5ULL\" class=\"portlet\">\n<div class=\"portlet-content\">\n<div class=\"portlet-content-container\">\n<div>\n<div>\n<div class=\"journal-CONTENIDO_LIBRE-container-NORMAL\">\n<div class=\"wrapper-NORMAL\">\n<div class=\"middle-NORMAL\">\n<div class=\"middleTop-NORMAL\">\n<div class=\"middleCenter-NORMAL\">\n<div class=\"middleRight-NORMAL\">\n<div class=\"contenido-NORMAL\">\n<p>El <a href=\"http:\/\/mestreacasa.gva.es\/web\/ceipsanchisyago\/1\">col\u00b7legi Sanchis Yago<\/a> es troba en la zona nord de la ciutat de <strong>Castell\u00f3<\/strong>, en el pol\u00edgon de Rafalafena, concretament al carrer Germ\u00e1n Monts\u00f3 Gam\u00f3n. Rep el seu nom de l&#8217;escultor Rafael Sanchis Yago, nascut a Castell\u00f3.<\/p>\n<div><\/div>\n<\/div>\n<\/div>\n<\/div>\n<\/div>\n<\/div>\n<\/div>\n<\/div>\n<\/div>\n<\/div>\n<\/div>\n<\/div>\n<\/div>\n<\/div>\n<p>&nbsp;<\/p>\n<p><img loading=\"lazy\" decoding=\"async\" class=\"size-medium wp-image-278 aligncenter\" src=\"https:\/\/construyevalores.es\/wp-content\/uploads\/2019\/01\/LOGOSYAMPAtransparent-300x275.png\" alt=\"Logo Colegio Sanchis Yago\" width=\"300\" height=\"275\" srcset=\"https:\/\/construyevalores.es\/wp-content\/uploads\/2019\/01\/LOGOSYAMPAtransparent-300x275.png 300w, https:\/\/construyevalores.es\/wp-content\/uploads\/2019\/01\/LOGOSYAMPAtransparent-768x704.png 768w, https:\/\/construyevalores.es\/wp-content\/uploads\/2019\/01\/LOGOSYAMPAtransparent-1024x938.png 1024w, https:\/\/construyevalores.es\/wp-content\/uploads\/2019\/01\/LOGOSYAMPAtransparent-218x200.png 218w, https:\/\/construyevalores.es\/wp-content\/uploads\/2019\/01\/LOGOSYAMPAtransparent.png 1920w\" sizes=\"auto, (max-width: 300px) 100vw, 300px\" \/><\/p>\n<p>&nbsp;<\/p>\n<p><a href=\"http:\/\/www.madrevedrunacastellon.com\/es\/content\/identidad-institucional\" target=\"_blank\" rel=\"noopener\"><strong>COL\u00b7LEGI MARE VEDRUNA<\/strong><\/a><\/p>\n<p>\u00c9s una comunitat educativa cat\u00f2lica que implanta models pedag\u00f2gics i pastorals creatius i innovadors, on les persones desenvolupen el seu propi talent i aprenen en ambients transformadors per a descobrir el seu lloc en el m\u00f3n.<\/p>\n<p><img loading=\"lazy\" decoding=\"async\" class=\"aligncenter wp-image-376 size-medium\" src=\"https:\/\/construyevalores.es\/wp-content\/uploads\/2019\/02\/logos-300x300.png\" alt=\"Logo Colegio Madre Vedruna\" width=\"300\" height=\"300\"><\/p>\n<p>&nbsp;<\/p>\n<p><strong><a href=\"http:\/\/www.escolapioscs.org\/\" target=\"_blank\" rel=\"noopener\">ESCOLES PIES<\/a><\/strong><\/p>\n<p>Les Escoles Pies de Castell\u00f3 ofereixen una peculiar alternativa pedag\u00f2gico-pastoral fomentant un clima que estimuli el seu desenvolupament segons Jesucrist en un constant di\u00e0leg obert entre fe, cultura i vida, reflectit en la pr\u00e0ctica del Centre pel nostre lema \u00abPietat i Lletres\u00bb.<\/p>\n<p><img loading=\"lazy\" decoding=\"async\" class=\"size-medium wp-image-374 aligncenter\" src=\"https:\/\/construyevalores.es\/wp-content\/uploads\/2019\/02\/1-300x300.png\" alt=\"Logo Colegio Escuelas P\u00edas\" width=\"300\" height=\"300\" srcset=\"https:\/\/construyevalores.es\/wp-content\/uploads\/2019\/02\/1-300x300.png 300w, https:\/\/construyevalores.es\/wp-content\/uploads\/2019\/02\/1-768x768.png 768w, https:\/\/construyevalores.es\/wp-content\/uploads\/2019\/02\/1-200x200.png 200w, https:\/\/construyevalores.es\/wp-content\/uploads\/2019\/02\/1.png 800w\" sizes=\"auto, (max-width: 300px) 100vw, 300px\" \/><\/p>\n<p><strong><a href=\"http:\/\/mestreacasa.gva.es\/web\/ceipescultorortells\" target=\"_blank\" rel=\"noopener\">ESCULTOR ORTELLS<\/a><\/strong><\/p>\n<p>Es dedica, amb molta calidesa, a la formaci\u00f3 dels alumnes, a l&#8217;atenci\u00f3 dels pares i a la societat. Destaca la seva capacitat d&#8217;acolliment que fa dels antics alumnes i \u00e9s freq\u00fcent que aquests antics alumnes matriculin als seus fills en el centre.<\/p>\n<p>&nbsp;<\/p>\n<p><img loading=\"lazy\" decoding=\"async\" class=\"size-medium wp-image-492 aligncenter\" src=\"https:\/\/construyevalores.es\/wp-content\/uploads\/2014\/04\/ESCULTOR_ORTELLS-300x200.jpg\" alt=\"Colegio Escultor Ortells\" width=\"300\" height=\"200\"><\/p>\n<p>&nbsp;<\/p>\n<p><a href=\"http:\/\/mestreacasa.gva.es\/web\/1200653600\" target=\"_blank\" rel=\"noopener\"><strong>COL\u00b7LEGI ANGELINA ABAD<\/strong><\/a><\/p>\n<p>El col\u00b7legi Angelina Abad \u00e9s un col\u00b7legi d&#8217;Educaci\u00f3 infantil i prim\u00e0ria de Vila-real, a la prov\u00edncia de Castell\u00f3. En la <a href=\"https:\/\/ampaangelinaabad.miampa.com\/\" target=\"_blank\" rel=\"noopener\">p\u00e0gina de l&#8217;AMPA<\/a> es poden veure les diferents activitats que realitza el col\u00b7legi.<\/p>\n<p>&nbsp;<\/p>\n<p><img loading=\"lazy\" decoding=\"async\" class=\"size-medium wp-image-577 aligncenter\" src=\"https:\/\/construyevalores.es\/wp-content\/uploads\/2019\/02\/6-1-300x212.png\" alt=\"\" width=\"300\" height=\"212\" srcset=\"https:\/\/construyevalores.es\/wp-content\/uploads\/2019\/02\/6-1-300x212.png 300w, https:\/\/construyevalores.es\/wp-content\/uploads\/2019\/02\/6-1-768x543.png 768w, https:\/\/construyevalores.es\/wp-content\/uploads\/2019\/02\/6-1-1024x724.png 1024w, https:\/\/construyevalores.es\/wp-content\/uploads\/2019\/02\/6-1-260x184.png 260w, https:\/\/construyevalores.es\/wp-content\/uploads\/2019\/02\/6-1.png 1123w\" sizes=\"auto, (max-width: 300px) 100vw, 300px\" \/><\/p>\n<p>&nbsp;<\/p>\n<p>&nbsp;<\/p>\n<p>&nbsp;<\/p>\n<p>&nbsp;<\/p>\n","protected":false},"excerpt":{"rendered":"<p>Aquest any som set centres educatius els que constru\u00efm valors a la prov\u00edncia de Castell\u00f3. Set centres educatius de diferents&#8230;<\/p>\n","protected":false},"author":1,"featured_media":4100,"comment_status":"open","ping_status":"closed","sticky":false,"template":"","format":"standard","meta":{"inline_featured_image":false,"footnotes":""},"categories":[133],"tags":[134],"class_list":{"0":"post-4656","1":"post","2":"type-post","3":"status-publish","4":"format-standard","5":"has-post-thumbnail","7":"category-blog","8":"tag-yoconstruyovalores-ca"},"_links":{"self":[{"href":"https:\/\/construyevalores.es\/ca\/wp-json\/wp\/v2\/posts\/4656","targetHints":{"allow":["GET"]}}],"collection":[{"href":"https:\/\/construyevalores.es\/ca\/wp-json\/wp\/v2\/posts"}],"about":[{"href":"https:\/\/construyevalores.es\/ca\/wp-json\/wp\/v2\/types\/post"}],"author":[{"embeddable":true,"href":"https:\/\/construyevalores.es\/ca\/wp-json\/wp\/v2\/users\/1"}],"replies":[{"embeddable":true,"href":"https:\/\/construyevalores.es\/ca\/wp-json\/wp\/v2\/comments?post=4656"}],"version-history":[{"count":0,"href":"https:\/\/construyevalores.es\/ca\/wp-json\/wp\/v2\/posts\/4656\/revisions"}],"wp:featuredmedia":[{"embeddable":true,"href":"https:\/\/construyevalores.es\/ca\/wp-json\/wp\/v2\/media\/4100"}],"wp:attachment":[{"href":"https:\/\/construyevalores.es\/ca\/wp-json\/wp\/v2\/media?parent=4656"}],"wp:term":[{"taxonomy":"category","embeddable":true,"href":"https:\/\/construyevalores.es\/ca\/wp-json\/wp\/v2\/categories?post=4656"},{"taxonomy":"post_tag","embeddable":true,"href":"https:\/\/construyevalores.es\/ca\/wp-json\/wp\/v2\/tags?post=4656"}],"curies":[{"name":"wp","href":"https:\/\/api.w.org\/{rel}","templated":true}]}}