{"id":4648,"date":"2019-02-11T10:08:34","date_gmt":"2019-02-11T09:08:34","guid":{"rendered":"https:\/\/construyevalores.es\/2019\/02\/11\/sobre-la-metodologia\/"},"modified":"2024-05-24T09:16:12","modified_gmt":"2024-05-24T08:16:12","slug":"sobre-la-metodologia","status":"publish","type":"post","link":"https:\/\/construyevalores.es\/ca\/2019\/02\/11\/sobre-la-metodologia\/","title":{"rendered":"Sobre la Metodologia"},"content":{"rendered":"<p>El present projecte t\u00e9 com a base metodol\u00f2gica l&#8217;estrat\u00e8gia d&#8217;Aprenentatge Servici. L&#8217;<strong>Aprenentatge Servici<\/strong> \u00e9s una estrat\u00e8gia pedag\u00f2gica que s&#8217;obri a les necessitats socials de la comunitat. Vol trencar amb l&#8217;a\u00efllament que de vegades pateixen els centres educatius i amb la llunyania de la realitat que solen arrossegar els programes docents.<\/p>\n<p>Es pret\u00e9n que els centres educatius s&#8217;obrin a la vida i siguin sensibles als problemes, dificultats o defici\u00e8ncies que presenta el seu entorn m\u00e9s pr\u00f2xim. S\u2019ha definit com:<\/p>\n<p>\u00abProposta pedag\u00f2gica que es dirigeix a la cerca de f\u00f3rmules concretes per implicar l&#8217;alumnat en la vida quotidiana de les comunitats, barri, institucions pr\u00f2ximes. Es conceptualitza dins l&#8217;educaci\u00f3 experiencial i es caracteritza per:<\/p>\n<ul>\n<li>Protagonisme de l&#8217;alumnat<\/li>\n<li>Atenci\u00f3 a una necessitat real<\/li>\n<li>Connexi\u00f3 amb objectius curriculars<\/li>\n<li>Execuci\u00f3 del projecte de servici<\/li>\n<li>Reflexi\u00f3 (Naval, Garc\u00eda L\u00f3pez, Puig-Rovira i Santos Rego, 2011, p. 88).<\/li>\n<\/ul>\n<p>Atenent les caracter\u00edstiques abans esmentades no nom\u00e9s s&#8217;utilitzar\u00e0 la metodologia com a estrat\u00e8gia per a la sensibilitzaci\u00f3 dels alumnes a la resta de poblaci\u00f3 de <strong>Castell\u00f3<\/strong>, tamb\u00e9 com a finalitat, ja que <strong>durant les sessions es formar\u00e0 el professorat<\/strong> en la metodologia <strong>Aprenentatge-Servei,<\/strong> perqu\u00e8 siguin aquests els que posteriorment i en la vida laboral o personal puguin portar-la a la pr\u00e0ctica.<\/p>\n<p>Les actuacions finals que es facin per part dels alumnes formats poden ser diferents, ja que el servei prestat a la societat engloba des d&#8217;activitats de sensibilitzaci\u00f3 fins a projectes d&#8217;intervenci\u00f3 directa a la comunitat. En el cas del projecte que proposem, els alumnes traslladaran els coneixements adquirits als seus cercles m\u00e9s propers (familiars, amics\/gues, professorat\u2026) ia la resta de la poblaci\u00f3 de Castell\u00f3 a trav\u00e9s dels projectes que estaran exposats durant una setmana al espai habilitat i seleccionat.<\/p>\n","protected":false},"excerpt":{"rendered":"<p>El present projecte t\u00e9 com a base metodol\u00f2gica l&#8217;estrat\u00e8gia d&#8217;Aprenentatge Servici. L&#8217;Aprenentatge Servici \u00e9s una estrat\u00e8gia pedag\u00f2gica que s&#8217;obri a&#8230;<\/p>\n","protected":false},"author":1,"featured_media":4472,"comment_status":"closed","ping_status":"closed","sticky":false,"template":"","format":"standard","meta":{"inline_featured_image":false,"footnotes":""},"categories":[133],"tags":[134,135],"class_list":{"0":"post-4648","1":"post","2":"type-post","3":"status-publish","4":"format-standard","5":"has-post-thumbnail","7":"category-blog","8":"tag-yoconstruyovalores-ca","9":"tag-aprendizaje-servicio-ca"},"_links":{"self":[{"href":"https:\/\/construyevalores.es\/ca\/wp-json\/wp\/v2\/posts\/4648","targetHints":{"allow":["GET"]}}],"collection":[{"href":"https:\/\/construyevalores.es\/ca\/wp-json\/wp\/v2\/posts"}],"about":[{"href":"https:\/\/construyevalores.es\/ca\/wp-json\/wp\/v2\/types\/post"}],"author":[{"embeddable":true,"href":"https:\/\/construyevalores.es\/ca\/wp-json\/wp\/v2\/users\/1"}],"replies":[{"embeddable":true,"href":"https:\/\/construyevalores.es\/ca\/wp-json\/wp\/v2\/comments?post=4648"}],"version-history":[{"count":2,"href":"https:\/\/construyevalores.es\/ca\/wp-json\/wp\/v2\/posts\/4648\/revisions"}],"predecessor-version":[{"id":4652,"href":"https:\/\/construyevalores.es\/ca\/wp-json\/wp\/v2\/posts\/4648\/revisions\/4652"}],"wp:featuredmedia":[{"embeddable":true,"href":"https:\/\/construyevalores.es\/ca\/wp-json\/wp\/v2\/media\/4472"}],"wp:attachment":[{"href":"https:\/\/construyevalores.es\/ca\/wp-json\/wp\/v2\/media?parent=4648"}],"wp:term":[{"taxonomy":"category","embeddable":true,"href":"https:\/\/construyevalores.es\/ca\/wp-json\/wp\/v2\/categories?post=4648"},{"taxonomy":"post_tag","embeddable":true,"href":"https:\/\/construyevalores.es\/ca\/wp-json\/wp\/v2\/tags?post=4648"}],"curies":[{"name":"wp","href":"https:\/\/api.w.org\/{rel}","templated":true}]}}